{"id":1666,"date":"2019-09-23T11:33:06","date_gmt":"2019-09-23T16:33:06","guid":{"rendered":"https:\/\/www.donesdemisericordia.org\/?p=1666"},"modified":"2019-09-23T11:33:06","modified_gmt":"2019-09-23T16:33:06","slug":"sueno-con-que-tierra-bomba-y-las-razas-afrocolombianas-sean-reconocidas-yeris-talento-dones-de-misericordia","status":"publish","type":"post","link":"https:\/\/fundaciondones.org\/inicio\/2019\/09\/23\/sueno-con-que-tierra-bomba-y-las-razas-afrocolombianas-sean-reconocidas-yeris-talento-dones-de-misericordia\/","title":{"rendered":"\u201cSue\u00f1o con que tierra bomba y las razas afrocolombianas sean reconocidas\u201d: Yeris talento Dones de Misericordia"},"content":{"rendered":"<p><img fetchpriority=\"high\" decoding=\"async\" class=\"aligncenter wp-image-1667 size-full\" src=\"https:\/\/fundaciondones.org\/wp-content\/uploads\/2019\/09\/WhatsApp-Image-2019-09-23-at-11.05.41-AM.jpg\" alt=\"\" width=\"1280\" height=\"1280\" srcset=\"https:\/\/fundaciondones.org\/wp-content\/uploads\/2019\/09\/WhatsApp-Image-2019-09-23-at-11.05.41-AM.jpg 1280w, https:\/\/fundaciondones.org\/wp-content\/uploads\/2019\/09\/WhatsApp-Image-2019-09-23-at-11.05.41-AM-300x300.jpg 300w, https:\/\/fundaciondones.org\/wp-content\/uploads\/2019\/09\/WhatsApp-Image-2019-09-23-at-11.05.41-AM-100x100.jpg 100w, https:\/\/fundaciondones.org\/wp-content\/uploads\/2019\/09\/WhatsApp-Image-2019-09-23-at-11.05.41-AM-600x600.jpg 600w, https:\/\/fundaciondones.org\/wp-content\/uploads\/2019\/09\/WhatsApp-Image-2019-09-23-at-11.05.41-AM-150x150.jpg 150w, https:\/\/fundaciondones.org\/wp-content\/uploads\/2019\/09\/WhatsApp-Image-2019-09-23-at-11.05.41-AM-768x768.jpg 768w, https:\/\/fundaciondones.org\/wp-content\/uploads\/2019\/09\/WhatsApp-Image-2019-09-23-at-11.05.41-AM-1024x1024.jpg 1024w, https:\/\/fundaciondones.org\/wp-content\/uploads\/2019\/09\/WhatsApp-Image-2019-09-23-at-11.05.41-AM-1080x1080.jpg 1080w\" sizes=\"(max-width: 1280px) 100vw, 1280px\" \/><\/p>\n<p><strong><em>Yeris es una joven so\u00f1adora, naci\u00f3 en la isla de tierra bomba en un hogar humilde, tiene 18 a\u00f1os y le canta a Dios, a la vida y al amor.<\/em><\/strong><\/p>\n<p>Desde hace 13 a\u00f1os la fundaci\u00f3n Dones de Misericordia conoci\u00f3 a Yeris, en ese entonces ten\u00eda 5 a\u00f1os, su ternura cautiv\u00f3 el coraz\u00f3n de la presidenta de la fundaci\u00f3n Arlena Hoyos quien no dud\u00f3 ni un instante en acogerla para ayudarla a descubrir su gran talento y sobre todo brindarle amor y bienestar.<\/p>\n<p>La peque\u00f1a tierrabombera inici\u00f3 su proceso en el kiosko de los Dones, donde con el transcurrir del tiempo le fue descubierto su gran talento, el de cantar: \u201ca m\u00ed siempre me ha llamado la atenci\u00f3n la m\u00fasica, entonces un d\u00eda est\u00e1bamos en la Fundaci\u00f3n Dones de Misericordia, comenzamos a cantar, yo ni idea de cantar, y descubrieron mi talento, me dijeron \u00a1t\u00fa cantas, claro t\u00fa cantas! y yo qued\u00e9 (sorprendida) porque yo era muy t\u00edmida, tambi\u00e9n como era gordita me hac\u00edan bullying, as\u00ed que no me sent\u00eda como muy abierta como lo estoy haciendo ahora\u201d:\u00a0 Yeris C\u00f3rdoba talento dones.<\/p>\n<p>Y as\u00ed, Yeris con su carisma que la hace especial, cuenta como ha sido este maravilloso crecimiento al lado de personas con un sentido humano incre\u00edble que la han ayudado a hacer realidad su sue\u00f1o de cantar; \u201ccuando llego a la fundaci\u00f3n me encuentro con una maravillosa persona que se llama Arlena Hoyos, que me ha apoyado much\u00edsimo, ahora mismo estamos en un coro g\u00f3spel, se llama Gospel Culture Tierra Bomba, hay 14 integrantes hemos aprendido mucho con el profesor que tenemos\u201d.<\/p>\n<p>Grupo que naci\u00f3 y se ha ido fortaleciendo en el Kiosko de los Dones donde con la ayuda de un profesional en m\u00fasica, han fortalecido su talento, ese que corre por sus venas, logrando cantar como \u00e1ngeles; \u201canteriormente ac\u00e1 en la fundaci\u00f3n cant\u00e1bamos porque nos gustaba y porque lo que de gracia recibimos, de gracia tenemos que dar; y cant\u00e1bamos porque nos gusta, pero con el pasar del tiempo empezamos a conocer m\u00e1s personas con ese mismo talento y empezaron abrirnos las puertas en hoteles, en restaurantes, matrimonios e iglesias\u201d.<\/p>\n<p>Hoy en d\u00eda Yeris hace parte de la voz principal de este grupo que promete ser cada vez m\u00e1s reconocido, por su talento y la luz que irradia cada vez que entona una canci\u00f3n, principalmente cuando va dirigida en agradecimiento a Dios.<\/p>\n<p>La joven cantante ha logrado participar en varios concursos que la han llevado a ocupar los primeros lugares, su voz mueve sentimientos que traen consigo paz, un ejemplo de ello fue el concurso talento de Barrio para la Superaci\u00f3n de la Pobreza, una iniciativa del Plan de Emergencia Social en Cartagena, en el que Yeris fue finalista dejando por lo m\u00e1s alto el nombre de los tierrabomberos y de la Fundaci\u00f3n Dones de misericordia.<\/p>\n<p>Esta joven es muestra de que las necesidades o los escasos recursos no son un impedimento para so\u00f1ar y hacer los sue\u00f1os realidad: \u201csue\u00f1o con que tierra bomba y las razas afrocolombianas sean reconocidas y que no nos vean a nosotros por el suelo porque somos de color negro, o porque tenemos el pelito un poco\u2026 si no que nos vean con esos mismos derechos que ellos tienen y que tambi\u00e9n sepan que tenemos un Dios, un cristo que muri\u00f3 por todos nosotros y por todo el universo\u201d.<\/p>\n<p>La Fundaci\u00f3n Dones de Misericordia contin\u00faa su trabajo de seguir descubriendo dones y talentos en comunidades vulnerables, dando protagonismos a quienes son el futuro de nuestro pa\u00eds, los ni\u00f1os y j\u00f3venes de Cartagena y sus alrededores.<\/p>\n","protected":false},"excerpt":{"rendered":"<p>Yeris es una joven so\u00f1adora, naci\u00f3 en la isla de tierra bomba en un hogar humilde, tiene 18 a\u00f1os y le canta a Dios, a la vida y al amor. Desde hace 13 a\u00f1os la fundaci\u00f3n Dones de Misericordia conoci\u00f3 a Yeris, en ese entonces ten\u00eda 5 a\u00f1os, su ternura cautiv\u00f3 el coraz\u00f3n de la [&hellip;]<\/p>\n","protected":false},"author":3,"featured_media":0,"comment_status":"open","ping_status":"open","sticky":false,"template":"","format":"standard","meta":{"_joinchat":[],"footnotes":""},"categories":[25,23],"tags":[],"class_list":["post-1666","post","type-post","status-publish","format-standard","hentry","category-isla-de-tierra-bomba","category-kiosko-de-los-dones"],"yoast_head":"<!-- This site is optimized with the Yoast SEO plugin v24.2 - https:\/\/yoast.com\/wordpress\/plugins\/seo\/ -->\n<title>\u201cSue\u00f1o con que tierra bomba y las razas afrocolombianas sean reconocidas\u201d: Yeris talento Dones de Misericordia - Dones de Misericordia<\/title>\n<meta name=\"robots\" content=\"index, follow, max-snippet:-1, max-image-preview:large, max-video-preview:-1\" \/>\n<link rel=\"canonical\" href=\"https:\/\/fundaciondones.org\/inicio\/2019\/09\/23\/sueno-con-que-tierra-bomba-y-las-razas-afrocolombianas-sean-reconocidas-yeris-talento-dones-de-misericordia\/\" \/>\n<meta property=\"og:locale\" content=\"es_ES\" \/>\n<meta property=\"og:type\" content=\"article\" \/>\n<meta property=\"og:title\" content=\"\u201cSue\u00f1o con que tierra bomba y las razas afrocolombianas sean reconocidas\u201d: Yeris talento Dones de Misericordia - Dones de Misericordia\" \/>\n<meta property=\"og:description\" content=\"Yeris es una joven so\u00f1adora, naci\u00f3 en la isla de tierra bomba en un hogar humilde, tiene 18 a\u00f1os y le canta a Dios, a la vida y al amor. Desde hace 13 a\u00f1os la fundaci\u00f3n Dones de Misericordia conoci\u00f3 a Yeris, en ese entonces ten\u00eda 5 a\u00f1os, su ternura cautiv\u00f3 el coraz\u00f3n de la [&hellip;]\" \/>\n<meta property=\"og:url\" content=\"https:\/\/fundaciondones.org\/inicio\/2019\/09\/23\/sueno-con-que-tierra-bomba-y-las-razas-afrocolombianas-sean-reconocidas-yeris-talento-dones-de-misericordia\/\" \/>\n<meta property=\"og:site_name\" content=\"Dones de Misericordia\" \/>\n<meta property=\"article:published_time\" content=\"2019-09-23T16:33:06+00:00\" \/>\n<meta property=\"og:image\" content=\"https:\/\/fundaciondones.org\/wp-content\/uploads\/2019\/09\/WhatsApp-Image-2019-09-23-at-11.05.41-AM.jpg\" \/>\n<meta name=\"author\" content=\"betty bermejo rivera\" \/>\n<meta name=\"twitter:card\" content=\"summary_large_image\" \/>\n<meta name=\"twitter:label1\" content=\"Escrito por\" \/>\n\t<meta name=\"twitter:data1\" content=\"betty bermejo rivera\" \/>\n\t<meta name=\"twitter:label2\" content=\"Tiempo de lectura\" \/>\n\t<meta name=\"twitter:data2\" content=\"3 minutos\" \/>\n<script type=\"application\/ld+json\" class=\"yoast-schema-graph\">{\"@context\":\"https:\/\/schema.org\",\"@graph\":[{\"@type\":\"WebPage\",\"@id\":\"https:\/\/fundaciondones.org\/inicio\/2019\/09\/23\/sueno-con-que-tierra-bomba-y-las-razas-afrocolombianas-sean-reconocidas-yeris-talento-dones-de-misericordia\/\",\"url\":\"https:\/\/fundaciondones.org\/inicio\/2019\/09\/23\/sueno-con-que-tierra-bomba-y-las-razas-afrocolombianas-sean-reconocidas-yeris-talento-dones-de-misericordia\/\",\"name\":\"\u201cSue\u00f1o con que tierra bomba y las razas afrocolombianas sean reconocidas\u201d: Yeris talento Dones de Misericordia - Dones de Misericordia\",\"isPartOf\":{\"@id\":\"https:\/\/fundaciondones.org\/inicio\/#website\"},\"primaryImageOfPage\":{\"@id\":\"https:\/\/fundaciondones.org\/inicio\/2019\/09\/23\/sueno-con-que-tierra-bomba-y-las-razas-afrocolombianas-sean-reconocidas-yeris-talento-dones-de-misericordia\/#primaryimage\"},\"image\":{\"@id\":\"https:\/\/fundaciondones.org\/inicio\/2019\/09\/23\/sueno-con-que-tierra-bomba-y-las-razas-afrocolombianas-sean-reconocidas-yeris-talento-dones-de-misericordia\/#primaryimage\"},\"thumbnailUrl\":\"https:\/\/fundaciondones.org\/wp-content\/uploads\/2019\/09\/WhatsApp-Image-2019-09-23-at-11.05.41-AM.jpg\",\"datePublished\":\"2019-09-23T16:33:06+00:00\",\"dateModified\":\"2019-09-23T16:33:06+00:00\",\"author\":{\"@id\":\"https:\/\/fundaciondones.org\/inicio\/#\/schema\/person\/3fa2079b97c1b0eb7b3722f86c20485a\"},\"breadcrumb\":{\"@id\":\"https:\/\/fundaciondones.org\/inicio\/2019\/09\/23\/sueno-con-que-tierra-bomba-y-las-razas-afrocolombianas-sean-reconocidas-yeris-talento-dones-de-misericordia\/#breadcrumb\"},\"inLanguage\":\"es-CO\",\"potentialAction\":[{\"@type\":\"ReadAction\",\"target\":[\"https:\/\/fundaciondones.org\/inicio\/2019\/09\/23\/sueno-con-que-tierra-bomba-y-las-razas-afrocolombianas-sean-reconocidas-yeris-talento-dones-de-misericordia\/\"]}]},{\"@type\":\"ImageObject\",\"inLanguage\":\"es-CO\",\"@id\":\"https:\/\/fundaciondones.org\/inicio\/2019\/09\/23\/sueno-con-que-tierra-bomba-y-las-razas-afrocolombianas-sean-reconocidas-yeris-talento-dones-de-misericordia\/#primaryimage\",\"url\":\"https:\/\/fundaciondones.org\/wp-content\/uploads\/2019\/09\/WhatsApp-Image-2019-09-23-at-11.05.41-AM.jpg\",\"contentUrl\":\"https:\/\/fundaciondones.org\/wp-content\/uploads\/2019\/09\/WhatsApp-Image-2019-09-23-at-11.05.41-AM.jpg\"},{\"@type\":\"BreadcrumbList\",\"@id\":\"https:\/\/fundaciondones.org\/inicio\/2019\/09\/23\/sueno-con-que-tierra-bomba-y-las-razas-afrocolombianas-sean-reconocidas-yeris-talento-dones-de-misericordia\/#breadcrumb\",\"itemListElement\":[{\"@type\":\"ListItem\",\"position\":1,\"name\":\"Home\",\"item\":\"https:\/\/fundaciondones.org\/inicio\/\"},{\"@type\":\"ListItem\",\"position\":2,\"name\":\"\u201cSue\u00f1o con que tierra bomba y las razas afrocolombianas sean reconocidas\u201d: Yeris talento Dones de Misericordia\"}]},{\"@type\":\"WebSite\",\"@id\":\"https:\/\/fundaciondones.org\/inicio\/#website\",\"url\":\"https:\/\/fundaciondones.org\/inicio\/\",\"name\":\"Dones de Misericordia\",\"description\":\"Si yo cambio, todo cambia\",\"potentialAction\":[{\"@type\":\"SearchAction\",\"target\":{\"@type\":\"EntryPoint\",\"urlTemplate\":\"https:\/\/fundaciondones.org\/inicio\/?s={search_term_string}\"},\"query-input\":{\"@type\":\"PropertyValueSpecification\",\"valueRequired\":true,\"valueName\":\"search_term_string\"}}],\"inLanguage\":\"es-CO\"},{\"@type\":\"Person\",\"@id\":\"https:\/\/fundaciondones.org\/inicio\/#\/schema\/person\/3fa2079b97c1b0eb7b3722f86c20485a\",\"name\":\"betty bermejo rivera\"}]}<\/script>\n<!-- \/ Yoast SEO plugin. -->","yoast_head_json":{"title":"\u201cSue\u00f1o con que tierra bomba y las razas afrocolombianas sean reconocidas\u201d: Yeris talento Dones de Misericordia - Dones de Misericordia","robots":{"index":"index","follow":"follow","max-snippet":"max-snippet:-1","max-image-preview":"max-image-preview:large","max-video-preview":"max-video-preview:-1"},"canonical":"https:\/\/fundaciondones.org\/inicio\/2019\/09\/23\/sueno-con-que-tierra-bomba-y-las-razas-afrocolombianas-sean-reconocidas-yeris-talento-dones-de-misericordia\/","og_locale":"es_ES","og_type":"article","og_title":"\u201cSue\u00f1o con que tierra bomba y las razas afrocolombianas sean reconocidas\u201d: Yeris talento Dones de Misericordia - Dones de Misericordia","og_description":"Yeris es una joven so\u00f1adora, naci\u00f3 en la isla de tierra bomba en un hogar humilde, tiene 18 a\u00f1os y le canta a Dios, a la vida y al amor. Desde hace 13 a\u00f1os la fundaci\u00f3n Dones de Misericordia conoci\u00f3 a Yeris, en ese entonces ten\u00eda 5 a\u00f1os, su ternura cautiv\u00f3 el coraz\u00f3n de la [&hellip;]","og_url":"https:\/\/fundaciondones.org\/inicio\/2019\/09\/23\/sueno-con-que-tierra-bomba-y-las-razas-afrocolombianas-sean-reconocidas-yeris-talento-dones-de-misericordia\/","og_site_name":"Dones de Misericordia","article_published_time":"2019-09-23T16:33:06+00:00","og_image":[{"url":"https:\/\/fundaciondones.org\/wp-content\/uploads\/2019\/09\/WhatsApp-Image-2019-09-23-at-11.05.41-AM.jpg","type":"","width":"","height":""}],"author":"betty bermejo rivera","twitter_card":"summary_large_image","twitter_misc":{"Escrito por":"betty bermejo rivera","Tiempo de lectura":"3 minutos"},"schema":{"@context":"https:\/\/schema.org","@graph":[{"@type":"WebPage","@id":"https:\/\/fundaciondones.org\/inicio\/2019\/09\/23\/sueno-con-que-tierra-bomba-y-las-razas-afrocolombianas-sean-reconocidas-yeris-talento-dones-de-misericordia\/","url":"https:\/\/fundaciondones.org\/inicio\/2019\/09\/23\/sueno-con-que-tierra-bomba-y-las-razas-afrocolombianas-sean-reconocidas-yeris-talento-dones-de-misericordia\/","name":"\u201cSue\u00f1o con que tierra bomba y las razas afrocolombianas sean reconocidas\u201d: Yeris talento Dones de Misericordia - Dones de Misericordia","isPartOf":{"@id":"https:\/\/fundaciondones.org\/inicio\/#website"},"primaryImageOfPage":{"@id":"https:\/\/fundaciondones.org\/inicio\/2019\/09\/23\/sueno-con-que-tierra-bomba-y-las-razas-afrocolombianas-sean-reconocidas-yeris-talento-dones-de-misericordia\/#primaryimage"},"image":{"@id":"https:\/\/fundaciondones.org\/inicio\/2019\/09\/23\/sueno-con-que-tierra-bomba-y-las-razas-afrocolombianas-sean-reconocidas-yeris-talento-dones-de-misericordia\/#primaryimage"},"thumbnailUrl":"https:\/\/fundaciondones.org\/wp-content\/uploads\/2019\/09\/WhatsApp-Image-2019-09-23-at-11.05.41-AM.jpg","datePublished":"2019-09-23T16:33:06+00:00","dateModified":"2019-09-23T16:33:06+00:00","author":{"@id":"https:\/\/fundaciondones.org\/inicio\/#\/schema\/person\/3fa2079b97c1b0eb7b3722f86c20485a"},"breadcrumb":{"@id":"https:\/\/fundaciondones.org\/inicio\/2019\/09\/23\/sueno-con-que-tierra-bomba-y-las-razas-afrocolombianas-sean-reconocidas-yeris-talento-dones-de-misericordia\/#breadcrumb"},"inLanguage":"es-CO","potentialAction":[{"@type":"ReadAction","target":["https:\/\/fundaciondones.org\/inicio\/2019\/09\/23\/sueno-con-que-tierra-bomba-y-las-razas-afrocolombianas-sean-reconocidas-yeris-talento-dones-de-misericordia\/"]}]},{"@type":"ImageObject","inLanguage":"es-CO","@id":"https:\/\/fundaciondones.org\/inicio\/2019\/09\/23\/sueno-con-que-tierra-bomba-y-las-razas-afrocolombianas-sean-reconocidas-yeris-talento-dones-de-misericordia\/#primaryimage","url":"https:\/\/fundaciondones.org\/wp-content\/uploads\/2019\/09\/WhatsApp-Image-2019-09-23-at-11.05.41-AM.jpg","contentUrl":"https:\/\/fundaciondones.org\/wp-content\/uploads\/2019\/09\/WhatsApp-Image-2019-09-23-at-11.05.41-AM.jpg"},{"@type":"BreadcrumbList","@id":"https:\/\/fundaciondones.org\/inicio\/2019\/09\/23\/sueno-con-que-tierra-bomba-y-las-razas-afrocolombianas-sean-reconocidas-yeris-talento-dones-de-misericordia\/#breadcrumb","itemListElement":[{"@type":"ListItem","position":1,"name":"Home","item":"https:\/\/fundaciondones.org\/inicio\/"},{"@type":"ListItem","position":2,"name":"\u201cSue\u00f1o con que tierra bomba y las razas afrocolombianas sean reconocidas\u201d: Yeris talento Dones de Misericordia"}]},{"@type":"WebSite","@id":"https:\/\/fundaciondones.org\/inicio\/#website","url":"https:\/\/fundaciondones.org\/inicio\/","name":"Dones de Misericordia","description":"Si yo cambio, todo cambia","potentialAction":[{"@type":"SearchAction","target":{"@type":"EntryPoint","urlTemplate":"https:\/\/fundaciondones.org\/inicio\/?s={search_term_string}"},"query-input":{"@type":"PropertyValueSpecification","valueRequired":true,"valueName":"search_term_string"}}],"inLanguage":"es-CO"},{"@type":"Person","@id":"https:\/\/fundaciondones.org\/inicio\/#\/schema\/person\/3fa2079b97c1b0eb7b3722f86c20485a","name":"betty bermejo rivera"}]}},"_links":{"self":[{"href":"https:\/\/fundaciondones.org\/inicio\/wp-json\/wp\/v2\/posts\/1666","targetHints":{"allow":["GET"]}}],"collection":[{"href":"https:\/\/fundaciondones.org\/inicio\/wp-json\/wp\/v2\/posts"}],"about":[{"href":"https:\/\/fundaciondones.org\/inicio\/wp-json\/wp\/v2\/types\/post"}],"author":[{"embeddable":true,"href":"https:\/\/fundaciondones.org\/inicio\/wp-json\/wp\/v2\/users\/3"}],"replies":[{"embeddable":true,"href":"https:\/\/fundaciondones.org\/inicio\/wp-json\/wp\/v2\/comments?post=1666"}],"version-history":[{"count":3,"href":"https:\/\/fundaciondones.org\/inicio\/wp-json\/wp\/v2\/posts\/1666\/revisions"}],"predecessor-version":[{"id":1670,"href":"https:\/\/fundaciondones.org\/inicio\/wp-json\/wp\/v2\/posts\/1666\/revisions\/1670"}],"wp:attachment":[{"href":"https:\/\/fundaciondones.org\/inicio\/wp-json\/wp\/v2\/media?parent=1666"}],"wp:term":[{"taxonomy":"category","embeddable":true,"href":"https:\/\/fundaciondones.org\/inicio\/wp-json\/wp\/v2\/categories?post=1666"},{"taxonomy":"post_tag","embeddable":true,"href":"https:\/\/fundaciondones.org\/inicio\/wp-json\/wp\/v2\/tags?post=1666"}],"curies":[{"name":"wp","href":"https:\/\/api.w.org\/{rel}","templated":true}]}}