{"id":1671,"date":"2019-10-07T11:29:29","date_gmt":"2019-10-07T16:29:29","guid":{"rendered":"https:\/\/www.donesdemisericordia.org\/?p=1671"},"modified":"2019-10-07T11:29:29","modified_gmt":"2019-10-07T16:29:29","slug":"desde-hace-15-anos-los-sabados-en-tierra-bomba-son-de-paz","status":"publish","type":"post","link":"https:\/\/fundaciondones.org\/inicio\/2019\/10\/07\/desde-hace-15-anos-los-sabados-en-tierra-bomba-son-de-paz\/","title":{"rendered":"Desde hace 15 a\u00f1os los s\u00e1bados en Tierra Bomba son de paz"},"content":{"rendered":"<p><img fetchpriority=\"high\" decoding=\"async\" class=\"aligncenter wp-image-1672 size-large\" src=\"https:\/\/fundaciondones.org\/wp-content\/uploads\/2019\/10\/DSC_5386-1024x681.jpg\" alt=\"\" width=\"1024\" height=\"681\" srcset=\"https:\/\/fundaciondones.org\/wp-content\/uploads\/2019\/10\/DSC_5386-1024x681.jpg 1024w, https:\/\/fundaciondones.org\/wp-content\/uploads\/2019\/10\/DSC_5386-600x399.jpg 600w, https:\/\/fundaciondones.org\/wp-content\/uploads\/2019\/10\/DSC_5386-300x199.jpg 300w, https:\/\/fundaciondones.org\/wp-content\/uploads\/2019\/10\/DSC_5386-768x511.jpg 768w, https:\/\/fundaciondones.org\/wp-content\/uploads\/2019\/10\/DSC_5386-1080x718.jpg 1080w\" sizes=\"(max-width: 1024px) 100vw, 1024px\" \/><\/p>\n<p>Los s\u00e1bados son unos de los d\u00edas m\u00e1s especiales para todos los ni\u00f1os de la Isla de Tierra Bomba, quienes juiciosos asisten a divertirse, pero sobre todo a aprender y ser felices.<\/p>\n<p>La Fundaci\u00f3n Dones de Misericordia durante los 15 a\u00f1os de presencia en la Isla a realizado diversas actividades que han llevado consigo beneficios para los m\u00e1s peque\u00f1os y las familias Tierrabomberas teniendo como objetivo principal la erradicaci\u00f3n de la pobreza extrema, pero de la \u00a0\u00a0\u00a0ma\u00f1a de la educaci\u00f3n y el respeto por los valores.<\/p>\n<p>Fortalecer los h\u00e1bitos para aprender recre\u00e1ndose y practicando deporte son algunas de las actividades que realizan cada s\u00e1bado los 500 ni\u00f1os del Kiosko de los Dones que se benefician con este programa que tambi\u00e9n incluye alimentaci\u00f3n.<\/p>\n<p>Cada fin de semana los peque\u00f1os junto al personal de la fundaci\u00f3n aprenden la importancia de un valor que se fortalece mensualmente; por ejemplo, en octubre el protagonista es la solidaridad, se les ense\u00f1an las buenas pr\u00e1cticas de ser solidarios a trav\u00e9s de dibujos, actos y juegos, as\u00ed aprenden y guardan en sus memorias cada ense\u00f1anza.<\/p>\n<p>Los s\u00e1bados de paz llegaron a transformar la manera de pensar y de ver la realidad, ya no se mira la necesidad con los mismo ojos por que tanto ni\u00f1os como adultos han entendido que hay esperanza, que los sue\u00f1os si se hacen realidad cuanto hay uni\u00f3n y que en el mundo si existen personas con un coraz\u00f3n noble, con ganas de servir a quienes m\u00e1s lo necesitan, adem\u00e1s que ellos no est\u00e1n olvidados como en tiempo pasado lo pensaban; hay mucho camino por recorrer, pero a diario son m\u00e1s los que se quieren unir para caminar junto a ellos y demostrarles que si se puede cambiar la realidad y que las oportunidades son para sacarles el m\u00e1ximo y positivo provecho, porque<strong> \u00a1Si yo cambio, Tierra Bomba cambia!.<\/strong><\/p>\n","protected":false},"excerpt":{"rendered":"<p>Los s\u00e1bados son unos de los d\u00edas m\u00e1s especiales para todos los ni\u00f1os de la Isla de Tierra Bomba, quienes juiciosos asisten a divertirse, pero sobre todo a aprender y ser felices. La Fundaci\u00f3n Dones de Misericordia durante los 15 a\u00f1os de presencia en la Isla a realizado diversas actividades que han llevado consigo beneficios [&hellip;]<\/p>\n","protected":false},"author":3,"featured_media":0,"comment_status":"open","ping_status":"open","sticky":false,"template":"","format":"standard","meta":{"_joinchat":[],"footnotes":""},"categories":[25,23],"tags":[],"class_list":["post-1671","post","type-post","status-publish","format-standard","hentry","category-isla-de-tierra-bomba","category-kiosko-de-los-dones"],"yoast_head":"<!-- This site is optimized with the Yoast SEO plugin v24.2 - https:\/\/yoast.com\/wordpress\/plugins\/seo\/ -->\n<title>Desde hace 15 a\u00f1os los s\u00e1bados en Tierra Bomba son de paz - Dones de Misericordia<\/title>\n<meta name=\"description\" content=\"Los s\u00e1bados son unos de los d\u00edas m\u00e1s especiales para todos los ni\u00f1os de la Isla de Tierra Bomba, quienes juiciosos asisten a divertirse, pero sobre todo a aprender y ser felices.\" \/>\n<meta name=\"robots\" content=\"index, follow, max-snippet:-1, max-image-preview:large, max-video-preview:-1\" \/>\n<link rel=\"canonical\" href=\"https:\/\/fundaciondones.org\/inicio\/2019\/10\/07\/desde-hace-15-anos-los-sabados-en-tierra-bomba-son-de-paz\/\" \/>\n<meta property=\"og:locale\" content=\"es_ES\" \/>\n<meta property=\"og:type\" content=\"article\" \/>\n<meta property=\"og:title\" content=\"Desde hace 15 a\u00f1os los s\u00e1bados en Tierra Bomba son de paz - Dones de Misericordia\" \/>\n<meta property=\"og:description\" content=\"Los s\u00e1bados son unos de los d\u00edas m\u00e1s especiales para todos los ni\u00f1os de la Isla de Tierra Bomba, quienes juiciosos asisten a divertirse, pero sobre todo a aprender y ser felices.\" \/>\n<meta property=\"og:url\" content=\"https:\/\/fundaciondones.org\/inicio\/2019\/10\/07\/desde-hace-15-anos-los-sabados-en-tierra-bomba-son-de-paz\/\" \/>\n<meta property=\"og:site_name\" content=\"Dones de Misericordia\" \/>\n<meta property=\"article:published_time\" content=\"2019-10-07T16:29:29+00:00\" \/>\n<meta property=\"og:image\" content=\"https:\/\/fundaciondones.org\/wp-content\/uploads\/2019\/10\/DSC_5386-1024x681.jpg\" \/>\n<meta name=\"author\" content=\"betty bermejo rivera\" \/>\n<meta name=\"twitter:card\" content=\"summary_large_image\" \/>\n<meta name=\"twitter:label1\" content=\"Escrito por\" \/>\n\t<meta name=\"twitter:data1\" content=\"betty bermejo rivera\" \/>\n\t<meta name=\"twitter:label2\" content=\"Tiempo de lectura\" \/>\n\t<meta name=\"twitter:data2\" content=\"2 minutos\" \/>\n<script type=\"application\/ld+json\" class=\"yoast-schema-graph\">{\"@context\":\"https:\/\/schema.org\",\"@graph\":[{\"@type\":\"WebPage\",\"@id\":\"https:\/\/fundaciondones.org\/inicio\/2019\/10\/07\/desde-hace-15-anos-los-sabados-en-tierra-bomba-son-de-paz\/\",\"url\":\"https:\/\/fundaciondones.org\/inicio\/2019\/10\/07\/desde-hace-15-anos-los-sabados-en-tierra-bomba-son-de-paz\/\",\"name\":\"Desde hace 15 a\u00f1os los s\u00e1bados en Tierra Bomba son de paz - Dones de Misericordia\",\"isPartOf\":{\"@id\":\"https:\/\/fundaciondones.org\/inicio\/#website\"},\"primaryImageOfPage\":{\"@id\":\"https:\/\/fundaciondones.org\/inicio\/2019\/10\/07\/desde-hace-15-anos-los-sabados-en-tierra-bomba-son-de-paz\/#primaryimage\"},\"image\":{\"@id\":\"https:\/\/fundaciondones.org\/inicio\/2019\/10\/07\/desde-hace-15-anos-los-sabados-en-tierra-bomba-son-de-paz\/#primaryimage\"},\"thumbnailUrl\":\"https:\/\/fundaciondones.org\/wp-content\/uploads\/2019\/10\/DSC_5386-1024x681.jpg\",\"datePublished\":\"2019-10-07T16:29:29+00:00\",\"dateModified\":\"2019-10-07T16:29:29+00:00\",\"author\":{\"@id\":\"https:\/\/fundaciondones.org\/inicio\/#\/schema\/person\/3fa2079b97c1b0eb7b3722f86c20485a\"},\"description\":\"Los s\u00e1bados son unos de los d\u00edas m\u00e1s especiales para todos los ni\u00f1os de la Isla de Tierra Bomba, quienes juiciosos asisten a divertirse, pero sobre todo a aprender y ser felices.\",\"breadcrumb\":{\"@id\":\"https:\/\/fundaciondones.org\/inicio\/2019\/10\/07\/desde-hace-15-anos-los-sabados-en-tierra-bomba-son-de-paz\/#breadcrumb\"},\"inLanguage\":\"es-CO\",\"potentialAction\":[{\"@type\":\"ReadAction\",\"target\":[\"https:\/\/fundaciondones.org\/inicio\/2019\/10\/07\/desde-hace-15-anos-los-sabados-en-tierra-bomba-son-de-paz\/\"]}]},{\"@type\":\"ImageObject\",\"inLanguage\":\"es-CO\",\"@id\":\"https:\/\/fundaciondones.org\/inicio\/2019\/10\/07\/desde-hace-15-anos-los-sabados-en-tierra-bomba-son-de-paz\/#primaryimage\",\"url\":\"https:\/\/fundaciondones.org\/wp-content\/uploads\/2019\/10\/DSC_5386-1024x681.jpg\",\"contentUrl\":\"https:\/\/fundaciondones.org\/wp-content\/uploads\/2019\/10\/DSC_5386-1024x681.jpg\"},{\"@type\":\"BreadcrumbList\",\"@id\":\"https:\/\/fundaciondones.org\/inicio\/2019\/10\/07\/desde-hace-15-anos-los-sabados-en-tierra-bomba-son-de-paz\/#breadcrumb\",\"itemListElement\":[{\"@type\":\"ListItem\",\"position\":1,\"name\":\"Home\",\"item\":\"https:\/\/fundaciondones.org\/inicio\/\"},{\"@type\":\"ListItem\",\"position\":2,\"name\":\"Desde hace 15 a\u00f1os los s\u00e1bados en Tierra Bomba son de paz\"}]},{\"@type\":\"WebSite\",\"@id\":\"https:\/\/fundaciondones.org\/inicio\/#website\",\"url\":\"https:\/\/fundaciondones.org\/inicio\/\",\"name\":\"Dones de Misericordia\",\"description\":\"Si yo cambio, todo cambia\",\"potentialAction\":[{\"@type\":\"SearchAction\",\"target\":{\"@type\":\"EntryPoint\",\"urlTemplate\":\"https:\/\/fundaciondones.org\/inicio\/?s={search_term_string}\"},\"query-input\":{\"@type\":\"PropertyValueSpecification\",\"valueRequired\":true,\"valueName\":\"search_term_string\"}}],\"inLanguage\":\"es-CO\"},{\"@type\":\"Person\",\"@id\":\"https:\/\/fundaciondones.org\/inicio\/#\/schema\/person\/3fa2079b97c1b0eb7b3722f86c20485a\",\"name\":\"betty bermejo rivera\"}]}<\/script>\n<!-- \/ Yoast SEO plugin. -->","yoast_head_json":{"title":"Desde hace 15 a\u00f1os los s\u00e1bados en Tierra Bomba son de paz - Dones de Misericordia","description":"Los s\u00e1bados son unos de los d\u00edas m\u00e1s especiales para todos los ni\u00f1os de la Isla de Tierra Bomba, quienes juiciosos asisten a divertirse, pero sobre todo a aprender y ser felices.","robots":{"index":"index","follow":"follow","max-snippet":"max-snippet:-1","max-image-preview":"max-image-preview:large","max-video-preview":"max-video-preview:-1"},"canonical":"https:\/\/fundaciondones.org\/inicio\/2019\/10\/07\/desde-hace-15-anos-los-sabados-en-tierra-bomba-son-de-paz\/","og_locale":"es_ES","og_type":"article","og_title":"Desde hace 15 a\u00f1os los s\u00e1bados en Tierra Bomba son de paz - Dones de Misericordia","og_description":"Los s\u00e1bados son unos de los d\u00edas m\u00e1s especiales para todos los ni\u00f1os de la Isla de Tierra Bomba, quienes juiciosos asisten a divertirse, pero sobre todo a aprender y ser felices.","og_url":"https:\/\/fundaciondones.org\/inicio\/2019\/10\/07\/desde-hace-15-anos-los-sabados-en-tierra-bomba-son-de-paz\/","og_site_name":"Dones de Misericordia","article_published_time":"2019-10-07T16:29:29+00:00","og_image":[{"url":"https:\/\/fundaciondones.org\/wp-content\/uploads\/2019\/10\/DSC_5386-1024x681.jpg","type":"","width":"","height":""}],"author":"betty bermejo rivera","twitter_card":"summary_large_image","twitter_misc":{"Escrito por":"betty bermejo rivera","Tiempo de lectura":"2 minutos"},"schema":{"@context":"https:\/\/schema.org","@graph":[{"@type":"WebPage","@id":"https:\/\/fundaciondones.org\/inicio\/2019\/10\/07\/desde-hace-15-anos-los-sabados-en-tierra-bomba-son-de-paz\/","url":"https:\/\/fundaciondones.org\/inicio\/2019\/10\/07\/desde-hace-15-anos-los-sabados-en-tierra-bomba-son-de-paz\/","name":"Desde hace 15 a\u00f1os los s\u00e1bados en Tierra Bomba son de paz - Dones de Misericordia","isPartOf":{"@id":"https:\/\/fundaciondones.org\/inicio\/#website"},"primaryImageOfPage":{"@id":"https:\/\/fundaciondones.org\/inicio\/2019\/10\/07\/desde-hace-15-anos-los-sabados-en-tierra-bomba-son-de-paz\/#primaryimage"},"image":{"@id":"https:\/\/fundaciondones.org\/inicio\/2019\/10\/07\/desde-hace-15-anos-los-sabados-en-tierra-bomba-son-de-paz\/#primaryimage"},"thumbnailUrl":"https:\/\/fundaciondones.org\/wp-content\/uploads\/2019\/10\/DSC_5386-1024x681.jpg","datePublished":"2019-10-07T16:29:29+00:00","dateModified":"2019-10-07T16:29:29+00:00","author":{"@id":"https:\/\/fundaciondones.org\/inicio\/#\/schema\/person\/3fa2079b97c1b0eb7b3722f86c20485a"},"description":"Los s\u00e1bados son unos de los d\u00edas m\u00e1s especiales para todos los ni\u00f1os de la Isla de Tierra Bomba, quienes juiciosos asisten a divertirse, pero sobre todo a aprender y ser felices.","breadcrumb":{"@id":"https:\/\/fundaciondones.org\/inicio\/2019\/10\/07\/desde-hace-15-anos-los-sabados-en-tierra-bomba-son-de-paz\/#breadcrumb"},"inLanguage":"es-CO","potentialAction":[{"@type":"ReadAction","target":["https:\/\/fundaciondones.org\/inicio\/2019\/10\/07\/desde-hace-15-anos-los-sabados-en-tierra-bomba-son-de-paz\/"]}]},{"@type":"ImageObject","inLanguage":"es-CO","@id":"https:\/\/fundaciondones.org\/inicio\/2019\/10\/07\/desde-hace-15-anos-los-sabados-en-tierra-bomba-son-de-paz\/#primaryimage","url":"https:\/\/fundaciondones.org\/wp-content\/uploads\/2019\/10\/DSC_5386-1024x681.jpg","contentUrl":"https:\/\/fundaciondones.org\/wp-content\/uploads\/2019\/10\/DSC_5386-1024x681.jpg"},{"@type":"BreadcrumbList","@id":"https:\/\/fundaciondones.org\/inicio\/2019\/10\/07\/desde-hace-15-anos-los-sabados-en-tierra-bomba-son-de-paz\/#breadcrumb","itemListElement":[{"@type":"ListItem","position":1,"name":"Home","item":"https:\/\/fundaciondones.org\/inicio\/"},{"@type":"ListItem","position":2,"name":"Desde hace 15 a\u00f1os los s\u00e1bados en Tierra Bomba son de paz"}]},{"@type":"WebSite","@id":"https:\/\/fundaciondones.org\/inicio\/#website","url":"https:\/\/fundaciondones.org\/inicio\/","name":"Dones de Misericordia","description":"Si yo cambio, todo cambia","potentialAction":[{"@type":"SearchAction","target":{"@type":"EntryPoint","urlTemplate":"https:\/\/fundaciondones.org\/inicio\/?s={search_term_string}"},"query-input":{"@type":"PropertyValueSpecification","valueRequired":true,"valueName":"search_term_string"}}],"inLanguage":"es-CO"},{"@type":"Person","@id":"https:\/\/fundaciondones.org\/inicio\/#\/schema\/person\/3fa2079b97c1b0eb7b3722f86c20485a","name":"betty bermejo rivera"}]}},"_links":{"self":[{"href":"https:\/\/fundaciondones.org\/inicio\/wp-json\/wp\/v2\/posts\/1671","targetHints":{"allow":["GET"]}}],"collection":[{"href":"https:\/\/fundaciondones.org\/inicio\/wp-json\/wp\/v2\/posts"}],"about":[{"href":"https:\/\/fundaciondones.org\/inicio\/wp-json\/wp\/v2\/types\/post"}],"author":[{"embeddable":true,"href":"https:\/\/fundaciondones.org\/inicio\/wp-json\/wp\/v2\/users\/3"}],"replies":[{"embeddable":true,"href":"https:\/\/fundaciondones.org\/inicio\/wp-json\/wp\/v2\/comments?post=1671"}],"version-history":[{"count":2,"href":"https:\/\/fundaciondones.org\/inicio\/wp-json\/wp\/v2\/posts\/1671\/revisions"}],"predecessor-version":[{"id":1675,"href":"https:\/\/fundaciondones.org\/inicio\/wp-json\/wp\/v2\/posts\/1671\/revisions\/1675"}],"wp:attachment":[{"href":"https:\/\/fundaciondones.org\/inicio\/wp-json\/wp\/v2\/media?parent=1671"}],"wp:term":[{"taxonomy":"category","embeddable":true,"href":"https:\/\/fundaciondones.org\/inicio\/wp-json\/wp\/v2\/categories?post=1671"},{"taxonomy":"post_tag","embeddable":true,"href":"https:\/\/fundaciondones.org\/inicio\/wp-json\/wp\/v2\/tags?post=1671"}],"curies":[{"name":"wp","href":"https:\/\/api.w.org\/{rel}","templated":true}]}}