{"id":1720,"date":"2023-01-20T10:29:31","date_gmt":"2023-01-20T15:29:31","guid":{"rendered":"https:\/\/www.donesdemisericordia.org\/?p=1720"},"modified":"2023-11-15T10:57:39","modified_gmt":"2023-11-15T15:57:39","slug":"informe-de-gestion-2018-turbaco-bolivar-casa-de-los-dones","status":"publish","type":"post","link":"https:\/\/fundaciondones.org\/inicio\/2023\/01\/20\/informe-de-gestion-2018-turbaco-bolivar-casa-de-los-dones\/","title":{"rendered":"INFORME DE GESTI\u00d3N 2023 TURBACO BOL\u00cdVAR \u2013 CASA DE LOS DONES"},"content":{"rendered":"<p><img fetchpriority=\"high\" decoding=\"async\" class=\"aligncenter wp-image-1721 size-full\" src=\"https:\/\/fundaciondones.org\/wp-content\/uploads\/2020\/01\/DSC_0154.jpg\" alt=\"\" width=\"6016\" height=\"4000\" \/><\/p>\n<p>25 ni\u00f1os\u00a0\u00a0 y j\u00f3venes Intervenidos con restablecimiento de derechos.<\/p>\n<p>60% Nivelados y vinculados en el sistema escolar en convenio con secretar\u00eda de educaci\u00f3n, instituci\u00f3n educativa Crisanto Luque; medida compartida con Fundaci\u00f3n Aluna.<\/p>\n<p>40% De los ni\u00f1os y j\u00f3venes obtuvieron resultados sobresalientes 3,4 ,5 grado<\/p>\n<p>95% Mejor\u00f3 sus comportamientos conductuales<\/p>\n<p>3 casos de abuso a sustancias psicoactivas intervenidos y rehabilitados<\/p>\n<p>90% De las familias se evidenci\u00f3 mejora en sus relaciones familiares<\/p>\n<p>90% De las familias se involucraron en el proceso de sus hijos<\/p>\n<p>100% Se recuper\u00f3 nutricionalmente<\/p>\n<p>Solo un 0,5% desert\u00f3 del Programa<\/p>\n<p>Durante todo el a\u00f1o 3068 Ni\u00f1os y adolescentes rescatados y protegidos, para un total de 1300 familias impactadas<\/p>\n<p>&nbsp;<\/p>\n<p><strong>HISTORIA DE VIDA <\/strong><strong>DANIEL GARZ\u00d3N LULIGO<\/strong><\/p>\n<p>Daniel David Garz\u00f3n Luligo, naci\u00f3 el 13 de diciembre de 2002, es el Segundo de cinco hijos, hace parte de una familia construida por su madre, quien es separada de su padre y ha tenidos hijos de diferentes hombre, incluyendo su actual pareja, viven en una invacion (terrenos apoderados ilegalmente), una casa construida con tablas y con poco espacio para ser habitada por tan numerosa familia, carecen de recursos econ\u00f3micos, pues su madre quien lleva la responsabilidad del hogar busca el sustento como vendedora ambulante y su padrastro como conductor de bicitaxi, transporte informal de la ciudad; empleos pocos rentables para satisfacer las necesidades b\u00e1sicas de la familia.<\/p>\n<p>Daniel, ingres\u00f3 por primera vez a la Fundaci\u00f3n Dones de Misericordia en el a\u00f1o 2016 a trav\u00e9s del programa Rinc\u00f3n de los Dones \u2013 Modalidad Semi-internado donde logr\u00f3 culminar la primaria en un programa de metodolog\u00eda flexible\/aceleraci\u00f3n del aprendizaje; luego de haber terminado la medida de protecci\u00f3n, retorna a casa y vuelve pero al pasar el tiempo vuelvea la fundaci\u00f3n en el a\u00f1o 2018, en la modalidad Internado, por motivos de alta permanencia en calle y vulneraci\u00f3n del derecho a la educaci\u00f3n. Se resalta que desde ni\u00f1o le ha tocado vivir en instituciones de protecci\u00f3n.<\/p>\n<p>Durante su permanencia en la fundaci\u00f3n, \u00e9l se ha destacado por su esp\u00edritu de perseverancia, rompiendo con la trasmisi\u00f3n generacional de problem\u00e1ticas tales como la desescolarizaci\u00f3n, lo que conlleva a dificultades para obtener un empleo formal; y de liderazgo, siendo el representante de sus compa\u00f1eros en el gobierno institucional y gui\u00e1ndolos constantemente en el ejercicio de normas de convivencia.<\/p>\n<p>Daniel se siente muy agradecido con la fundaci\u00f3n por todo lo que se le ha brindando, reconoce que de no haber ingresado al programa estuviera en la calle.<\/p>\n<p>Actualmente, se encuentra en el grado sexto (6) de educacion basica secundaria, sus metas a mediano y largo plazo son terminar el bachillerato y estudiar dise\u00f1o gr\u00e1fico como carrera profesional.<\/p>\n<p>El adolescente de 16 a\u00f1os de edad, es de coraz\u00f3n noble y sus deseos de salir adelante se han visto reflejados en su rendimiento acad\u00e9mico. se caracteriza por sus habilidades art\u00edsticas y deportivas.<\/p>\n","protected":false},"excerpt":{"rendered":"<p>25 ni\u00f1os\u00a0\u00a0 y j\u00f3venes Intervenidos con restablecimiento de derechos. 60% Nivelados y vinculados en el sistema escolar en convenio con secretar\u00eda de educaci\u00f3n, instituci\u00f3n educativa Crisanto Luque; medida compartida con Fundaci\u00f3n Aluna. 40% De los ni\u00f1os y j\u00f3venes obtuvieron resultados sobresalientes 3,4 ,5 grado 95% Mejor\u00f3 sus comportamientos conductuales 3 casos de abuso a sustancias [&hellip;]<\/p>\n","protected":false},"author":3,"featured_media":0,"comment_status":"open","ping_status":"open","sticky":false,"template":"","format":"standard","meta":{"_joinchat":[],"footnotes":""},"categories":[1],"tags":[],"class_list":["post-1720","post","type-post","status-publish","format-standard","hentry","category-sin-categoria"],"yoast_head":"<!-- This site is optimized with the Yoast SEO plugin v24.2 - https:\/\/yoast.com\/wordpress\/plugins\/seo\/ -->\n<title>INFORME DE GESTI\u00d3N 2023 TURBACO BOL\u00cdVAR \u2013 CASA DE LOS DONES - Dones de Misericordia<\/title>\n<meta name=\"robots\" content=\"index, follow, max-snippet:-1, max-image-preview:large, max-video-preview:-1\" \/>\n<link rel=\"canonical\" href=\"https:\/\/fundaciondones.org\/inicio\/2023\/01\/20\/informe-de-gestion-2018-turbaco-bolivar-casa-de-los-dones\/\" \/>\n<meta property=\"og:locale\" content=\"es_ES\" \/>\n<meta property=\"og:type\" content=\"article\" \/>\n<meta property=\"og:title\" content=\"INFORME DE GESTI\u00d3N 2023 TURBACO BOL\u00cdVAR \u2013 CASA DE LOS DONES - Dones de Misericordia\" \/>\n<meta property=\"og:description\" content=\"25 ni\u00f1os\u00a0\u00a0 y j\u00f3venes Intervenidos con restablecimiento de derechos. 60% Nivelados y vinculados en el sistema escolar en convenio con secretar\u00eda de educaci\u00f3n, instituci\u00f3n educativa Crisanto Luque; medida compartida con Fundaci\u00f3n Aluna. 40% De los ni\u00f1os y j\u00f3venes obtuvieron resultados sobresalientes 3,4 ,5 grado 95% Mejor\u00f3 sus comportamientos conductuales 3 casos de abuso a sustancias [&hellip;]\" \/>\n<meta property=\"og:url\" content=\"https:\/\/fundaciondones.org\/inicio\/2023\/01\/20\/informe-de-gestion-2018-turbaco-bolivar-casa-de-los-dones\/\" \/>\n<meta property=\"og:site_name\" content=\"Dones de Misericordia\" \/>\n<meta property=\"article:published_time\" content=\"2023-01-20T15:29:31+00:00\" \/>\n<meta property=\"article:modified_time\" content=\"2023-11-15T15:57:39+00:00\" \/>\n<meta property=\"og:image\" content=\"https:\/\/fundaciondones.org\/wp-content\/uploads\/2020\/01\/DSC_0154.jpg\" \/>\n<meta name=\"author\" content=\"betty bermejo rivera\" \/>\n<meta name=\"twitter:card\" content=\"summary_large_image\" \/>\n<meta name=\"twitter:label1\" content=\"Escrito por\" \/>\n\t<meta name=\"twitter:data1\" content=\"betty bermejo rivera\" \/>\n\t<meta name=\"twitter:label2\" content=\"Tiempo de lectura\" \/>\n\t<meta name=\"twitter:data2\" content=\"2 minutos\" \/>\n<script type=\"application\/ld+json\" class=\"yoast-schema-graph\">{\"@context\":\"https:\/\/schema.org\",\"@graph\":[{\"@type\":\"WebPage\",\"@id\":\"https:\/\/fundaciondones.org\/inicio\/2023\/01\/20\/informe-de-gestion-2018-turbaco-bolivar-casa-de-los-dones\/\",\"url\":\"https:\/\/fundaciondones.org\/inicio\/2023\/01\/20\/informe-de-gestion-2018-turbaco-bolivar-casa-de-los-dones\/\",\"name\":\"INFORME DE GESTI\u00d3N 2023 TURBACO BOL\u00cdVAR \u2013 CASA DE LOS DONES - Dones de Misericordia\",\"isPartOf\":{\"@id\":\"https:\/\/fundaciondones.org\/inicio\/#website\"},\"primaryImageOfPage\":{\"@id\":\"https:\/\/fundaciondones.org\/inicio\/2023\/01\/20\/informe-de-gestion-2018-turbaco-bolivar-casa-de-los-dones\/#primaryimage\"},\"image\":{\"@id\":\"https:\/\/fundaciondones.org\/inicio\/2023\/01\/20\/informe-de-gestion-2018-turbaco-bolivar-casa-de-los-dones\/#primaryimage\"},\"thumbnailUrl\":\"https:\/\/fundaciondones.org\/wp-content\/uploads\/2020\/01\/DSC_0154.jpg\",\"datePublished\":\"2023-01-20T15:29:31+00:00\",\"dateModified\":\"2023-11-15T15:57:39+00:00\",\"author\":{\"@id\":\"https:\/\/fundaciondones.org\/inicio\/#\/schema\/person\/3fa2079b97c1b0eb7b3722f86c20485a\"},\"breadcrumb\":{\"@id\":\"https:\/\/fundaciondones.org\/inicio\/2023\/01\/20\/informe-de-gestion-2018-turbaco-bolivar-casa-de-los-dones\/#breadcrumb\"},\"inLanguage\":\"es-CO\",\"potentialAction\":[{\"@type\":\"ReadAction\",\"target\":[\"https:\/\/fundaciondones.org\/inicio\/2023\/01\/20\/informe-de-gestion-2018-turbaco-bolivar-casa-de-los-dones\/\"]}]},{\"@type\":\"ImageObject\",\"inLanguage\":\"es-CO\",\"@id\":\"https:\/\/fundaciondones.org\/inicio\/2023\/01\/20\/informe-de-gestion-2018-turbaco-bolivar-casa-de-los-dones\/#primaryimage\",\"url\":\"https:\/\/fundaciondones.org\/wp-content\/uploads\/2020\/01\/DSC_0154.jpg\",\"contentUrl\":\"https:\/\/fundaciondones.org\/wp-content\/uploads\/2020\/01\/DSC_0154.jpg\"},{\"@type\":\"BreadcrumbList\",\"@id\":\"https:\/\/fundaciondones.org\/inicio\/2023\/01\/20\/informe-de-gestion-2018-turbaco-bolivar-casa-de-los-dones\/#breadcrumb\",\"itemListElement\":[{\"@type\":\"ListItem\",\"position\":1,\"name\":\"Home\",\"item\":\"https:\/\/fundaciondones.org\/inicio\/\"},{\"@type\":\"ListItem\",\"position\":2,\"name\":\"INFORME DE GESTI\u00d3N 2023 TURBACO BOL\u00cdVAR \u2013 CASA DE LOS DONES\"}]},{\"@type\":\"WebSite\",\"@id\":\"https:\/\/fundaciondones.org\/inicio\/#website\",\"url\":\"https:\/\/fundaciondones.org\/inicio\/\",\"name\":\"Dones de Misericordia\",\"description\":\"Si yo cambio, todo cambia\",\"potentialAction\":[{\"@type\":\"SearchAction\",\"target\":{\"@type\":\"EntryPoint\",\"urlTemplate\":\"https:\/\/fundaciondones.org\/inicio\/?s={search_term_string}\"},\"query-input\":{\"@type\":\"PropertyValueSpecification\",\"valueRequired\":true,\"valueName\":\"search_term_string\"}}],\"inLanguage\":\"es-CO\"},{\"@type\":\"Person\",\"@id\":\"https:\/\/fundaciondones.org\/inicio\/#\/schema\/person\/3fa2079b97c1b0eb7b3722f86c20485a\",\"name\":\"betty bermejo rivera\"}]}<\/script>\n<!-- \/ Yoast SEO plugin. -->","yoast_head_json":{"title":"INFORME DE GESTI\u00d3N 2023 TURBACO BOL\u00cdVAR \u2013 CASA DE LOS DONES - Dones de Misericordia","robots":{"index":"index","follow":"follow","max-snippet":"max-snippet:-1","max-image-preview":"max-image-preview:large","max-video-preview":"max-video-preview:-1"},"canonical":"https:\/\/fundaciondones.org\/inicio\/2023\/01\/20\/informe-de-gestion-2018-turbaco-bolivar-casa-de-los-dones\/","og_locale":"es_ES","og_type":"article","og_title":"INFORME DE GESTI\u00d3N 2023 TURBACO BOL\u00cdVAR \u2013 CASA DE LOS DONES - Dones de Misericordia","og_description":"25 ni\u00f1os\u00a0\u00a0 y j\u00f3venes Intervenidos con restablecimiento de derechos. 60% Nivelados y vinculados en el sistema escolar en convenio con secretar\u00eda de educaci\u00f3n, instituci\u00f3n educativa Crisanto Luque; medida compartida con Fundaci\u00f3n Aluna. 40% De los ni\u00f1os y j\u00f3venes obtuvieron resultados sobresalientes 3,4 ,5 grado 95% Mejor\u00f3 sus comportamientos conductuales 3 casos de abuso a sustancias [&hellip;]","og_url":"https:\/\/fundaciondones.org\/inicio\/2023\/01\/20\/informe-de-gestion-2018-turbaco-bolivar-casa-de-los-dones\/","og_site_name":"Dones de Misericordia","article_published_time":"2023-01-20T15:29:31+00:00","article_modified_time":"2023-11-15T15:57:39+00:00","og_image":[{"url":"https:\/\/fundaciondones.org\/wp-content\/uploads\/2020\/01\/DSC_0154.jpg","type":"","width":"","height":""}],"author":"betty bermejo rivera","twitter_card":"summary_large_image","twitter_misc":{"Escrito por":"betty bermejo rivera","Tiempo de lectura":"2 minutos"},"schema":{"@context":"https:\/\/schema.org","@graph":[{"@type":"WebPage","@id":"https:\/\/fundaciondones.org\/inicio\/2023\/01\/20\/informe-de-gestion-2018-turbaco-bolivar-casa-de-los-dones\/","url":"https:\/\/fundaciondones.org\/inicio\/2023\/01\/20\/informe-de-gestion-2018-turbaco-bolivar-casa-de-los-dones\/","name":"INFORME DE GESTI\u00d3N 2023 TURBACO BOL\u00cdVAR \u2013 CASA DE LOS DONES - Dones de Misericordia","isPartOf":{"@id":"https:\/\/fundaciondones.org\/inicio\/#website"},"primaryImageOfPage":{"@id":"https:\/\/fundaciondones.org\/inicio\/2023\/01\/20\/informe-de-gestion-2018-turbaco-bolivar-casa-de-los-dones\/#primaryimage"},"image":{"@id":"https:\/\/fundaciondones.org\/inicio\/2023\/01\/20\/informe-de-gestion-2018-turbaco-bolivar-casa-de-los-dones\/#primaryimage"},"thumbnailUrl":"https:\/\/fundaciondones.org\/wp-content\/uploads\/2020\/01\/DSC_0154.jpg","datePublished":"2023-01-20T15:29:31+00:00","dateModified":"2023-11-15T15:57:39+00:00","author":{"@id":"https:\/\/fundaciondones.org\/inicio\/#\/schema\/person\/3fa2079b97c1b0eb7b3722f86c20485a"},"breadcrumb":{"@id":"https:\/\/fundaciondones.org\/inicio\/2023\/01\/20\/informe-de-gestion-2018-turbaco-bolivar-casa-de-los-dones\/#breadcrumb"},"inLanguage":"es-CO","potentialAction":[{"@type":"ReadAction","target":["https:\/\/fundaciondones.org\/inicio\/2023\/01\/20\/informe-de-gestion-2018-turbaco-bolivar-casa-de-los-dones\/"]}]},{"@type":"ImageObject","inLanguage":"es-CO","@id":"https:\/\/fundaciondones.org\/inicio\/2023\/01\/20\/informe-de-gestion-2018-turbaco-bolivar-casa-de-los-dones\/#primaryimage","url":"https:\/\/fundaciondones.org\/wp-content\/uploads\/2020\/01\/DSC_0154.jpg","contentUrl":"https:\/\/fundaciondones.org\/wp-content\/uploads\/2020\/01\/DSC_0154.jpg"},{"@type":"BreadcrumbList","@id":"https:\/\/fundaciondones.org\/inicio\/2023\/01\/20\/informe-de-gestion-2018-turbaco-bolivar-casa-de-los-dones\/#breadcrumb","itemListElement":[{"@type":"ListItem","position":1,"name":"Home","item":"https:\/\/fundaciondones.org\/inicio\/"},{"@type":"ListItem","position":2,"name":"INFORME DE GESTI\u00d3N 2023 TURBACO BOL\u00cdVAR \u2013 CASA DE LOS DONES"}]},{"@type":"WebSite","@id":"https:\/\/fundaciondones.org\/inicio\/#website","url":"https:\/\/fundaciondones.org\/inicio\/","name":"Dones de Misericordia","description":"Si yo cambio, todo cambia","potentialAction":[{"@type":"SearchAction","target":{"@type":"EntryPoint","urlTemplate":"https:\/\/fundaciondones.org\/inicio\/?s={search_term_string}"},"query-input":{"@type":"PropertyValueSpecification","valueRequired":true,"valueName":"search_term_string"}}],"inLanguage":"es-CO"},{"@type":"Person","@id":"https:\/\/fundaciondones.org\/inicio\/#\/schema\/person\/3fa2079b97c1b0eb7b3722f86c20485a","name":"betty bermejo rivera"}]}},"_links":{"self":[{"href":"https:\/\/fundaciondones.org\/inicio\/wp-json\/wp\/v2\/posts\/1720","targetHints":{"allow":["GET"]}}],"collection":[{"href":"https:\/\/fundaciondones.org\/inicio\/wp-json\/wp\/v2\/posts"}],"about":[{"href":"https:\/\/fundaciondones.org\/inicio\/wp-json\/wp\/v2\/types\/post"}],"author":[{"embeddable":true,"href":"https:\/\/fundaciondones.org\/inicio\/wp-json\/wp\/v2\/users\/3"}],"replies":[{"embeddable":true,"href":"https:\/\/fundaciondones.org\/inicio\/wp-json\/wp\/v2\/comments?post=1720"}],"version-history":[{"count":2,"href":"https:\/\/fundaciondones.org\/inicio\/wp-json\/wp\/v2\/posts\/1720\/revisions"}],"predecessor-version":[{"id":4981,"href":"https:\/\/fundaciondones.org\/inicio\/wp-json\/wp\/v2\/posts\/1720\/revisions\/4981"}],"wp:attachment":[{"href":"https:\/\/fundaciondones.org\/inicio\/wp-json\/wp\/v2\/media?parent=1720"}],"wp:term":[{"taxonomy":"category","embeddable":true,"href":"https:\/\/fundaciondones.org\/inicio\/wp-json\/wp\/v2\/categories?post=1720"},{"taxonomy":"post_tag","embeddable":true,"href":"https:\/\/fundaciondones.org\/inicio\/wp-json\/wp\/v2\/tags?post=1720"}],"curies":[{"name":"wp","href":"https:\/\/api.w.org\/{rel}","templated":true}]}}