{"id":6176,"date":"2025-09-09T11:55:09","date_gmt":"2025-09-09T16:55:09","guid":{"rendered":"https:\/\/fundaciondones.org\/inicio\/?p=6176"},"modified":"2025-09-09T11:55:10","modified_gmt":"2025-09-09T16:55:10","slug":"en-2025-celebramos-descaradamente-feli-2-0","status":"publish","type":"post","link":"https:\/\/fundaciondones.org\/inicio\/2025\/09\/09\/en-2025-celebramos-descaradamente-feli-2-0\/","title":{"rendered":"Celebramos Descaradamente Feliz 2.0"},"content":{"rendered":"<figure class=\"wp-block-image size-large\"><img fetchpriority=\"high\" decoding=\"async\" width=\"1024\" height=\"683\" src=\"https:\/\/fundaciondones.org\/wp-content\/uploads\/2025\/09\/NDS7757_edited-1024x683.jpg\" alt=\"\" class=\"wp-image-6177\" srcset=\"https:\/\/fundaciondones.org\/wp-content\/uploads\/2025\/09\/NDS7757_edited-1024x683.jpg 1024w, https:\/\/fundaciondones.org\/wp-content\/uploads\/2025\/09\/NDS7757_edited-300x200.jpg 300w, https:\/\/fundaciondones.org\/wp-content\/uploads\/2025\/09\/NDS7757_edited-768x512.jpg 768w, https:\/\/fundaciondones.org\/wp-content\/uploads\/2025\/09\/NDS7757_edited-1536x1024.jpg 1536w, https:\/\/fundaciondones.org\/wp-content\/uploads\/2025\/09\/NDS7757_edited-2048x1365.jpg 2048w, https:\/\/fundaciondones.org\/wp-content\/uploads\/2025\/09\/NDS7757_edited-600x400.jpg 600w\" sizes=\"(max-width: 1024px) 100vw, 1024px\" \/><\/figure><p>Un espacio para conectar con tu prop\u00f3sito, despertar tu poder interior y abrazar la vida con todo lo que eres. <\/p><p>El evento cont\u00f3 con la participaci\u00f3n especial de <strong>Fernando Ara\u00fajo<\/strong> \u2013 Exministro, empresario y sobreviviente. Secuestrado por seis a\u00f1os por las FARC, logr\u00f3 escapar y hoy inspira con su historia de liderazgo, fe y resiliencia. Autor de <em>El Trapecista<\/em>, ensen\u00f3 que la felicidad no espera condiciones: se decide, se vive y se defiende.<\/p><p>De igual forma, contamos con la presencia de <strong>Armando Romero<\/strong> \u2013 Empresario, creador del concepto de GraCtitud: una poderosa fusi\u00f3n de gratitud y actitud. Despu\u00e9s de enfrentar un gran desaf\u00edo de salud, transform\u00f3 su vida y hoy lidera procesos de cambio personal y empresarial que impactan profundamente a l\u00edderes y emprendedores.<\/p><p>\ud83e\udde0 Dos historias, un mismo mensaje: <strong>ser feliz es un acto de valent\u00eda.<\/strong><\/p><p><\/p>","protected":false},"excerpt":{"rendered":"<p>Un espacio para conectar con tu prop\u00f3sito, despertar tu poder interior y abrazar la vida con todo lo que eres. El evento cont\u00f3 con la participaci\u00f3n especial de Fernando Ara\u00fajo \u2013 Exministro, empresario y sobreviviente. Secuestrado por seis a\u00f1os por las FARC, logr\u00f3 escapar y hoy inspira con su historia de liderazgo, fe y resiliencia. [&hellip;]<\/p>\n","protected":false},"author":5,"featured_media":0,"comment_status":"closed","ping_status":"closed","sticky":false,"template":"","format":"standard","meta":{"_joinchat":[],"footnotes":""},"categories":[37],"tags":[],"class_list":["post-6176","post","type-post","status-publish","format-standard","hentry","category-uncategorized-es"],"yoast_head":"<!-- This site is optimized with the Yoast SEO plugin v24.2 - https:\/\/yoast.com\/wordpress\/plugins\/seo\/ -->\n<title>Celebramos Descaradamente Feliz 2.0 - Dones de Misericordia<\/title>\n<meta name=\"description\" content=\"EVENTO CON PROPOSITO SOCIAL - SI YO CAMBIO, TODO CAMBIA - LEGADO ARLENA HOYOS CA\u00d1AVERA.\" \/>\n<meta name=\"robots\" content=\"index, follow, max-snippet:-1, max-image-preview:large, max-video-preview:-1\" \/>\n<link rel=\"canonical\" href=\"https:\/\/fundaciondones.org\/inicio\/2025\/09\/09\/en-2025-celebramos-descaradamente-feli-2-0\/\" \/>\n<meta property=\"og:locale\" content=\"es_ES\" \/>\n<meta property=\"og:type\" content=\"article\" \/>\n<meta property=\"og:title\" content=\"Celebramos Descaradamente Feliz 2.0 - Dones de Misericordia\" \/>\n<meta property=\"og:description\" content=\"EVENTO CON PROPOSITO SOCIAL - SI YO CAMBIO, TODO CAMBIA - LEGADO ARLENA HOYOS CA\u00d1AVERA.\" \/>\n<meta property=\"og:url\" content=\"https:\/\/fundaciondones.org\/inicio\/2025\/09\/09\/en-2025-celebramos-descaradamente-feli-2-0\/\" \/>\n<meta property=\"og:site_name\" content=\"Dones de Misericordia\" \/>\n<meta property=\"article:published_time\" content=\"2025-09-09T16:55:09+00:00\" \/>\n<meta property=\"article:modified_time\" content=\"2025-09-09T16:55:10+00:00\" \/>\n<meta property=\"og:image\" content=\"https:\/\/fundaciondones.org\/wp-content\/uploads\/2025\/09\/NDS7757_edited-scaled.jpg\" \/>\n\t<meta property=\"og:image:width\" content=\"2560\" \/>\n\t<meta property=\"og:image:height\" content=\"1707\" \/>\n\t<meta property=\"og:image:type\" content=\"image\/jpeg\" \/>\n<meta name=\"author\" content=\"digitaldones@gmail.com\" \/>\n<meta name=\"twitter:card\" content=\"summary_large_image\" \/>\n<meta name=\"twitter:label1\" content=\"Escrito por\" \/>\n\t<meta name=\"twitter:data1\" content=\"digitaldones@gmail.com\" \/>\n\t<meta name=\"twitter:label2\" content=\"Tiempo de lectura\" \/>\n\t<meta name=\"twitter:data2\" content=\"1 minuto\" \/>\n<script type=\"application\/ld+json\" class=\"yoast-schema-graph\">{\"@context\":\"https:\/\/schema.org\",\"@graph\":[{\"@type\":\"WebPage\",\"@id\":\"https:\/\/fundaciondones.org\/inicio\/2025\/09\/09\/en-2025-celebramos-descaradamente-feli-2-0\/\",\"url\":\"https:\/\/fundaciondones.org\/inicio\/2025\/09\/09\/en-2025-celebramos-descaradamente-feli-2-0\/\",\"name\":\"Celebramos Descaradamente Feliz 2.0 - Dones de Misericordia\",\"isPartOf\":{\"@id\":\"https:\/\/fundaciondones.org\/inicio\/#website\"},\"primaryImageOfPage\":{\"@id\":\"https:\/\/fundaciondones.org\/inicio\/2025\/09\/09\/en-2025-celebramos-descaradamente-feli-2-0\/#primaryimage\"},\"image\":{\"@id\":\"https:\/\/fundaciondones.org\/inicio\/2025\/09\/09\/en-2025-celebramos-descaradamente-feli-2-0\/#primaryimage\"},\"thumbnailUrl\":\"https:\/\/fundaciondones.org\/wp-content\/uploads\/2025\/09\/NDS7757_edited-1024x683.jpg\",\"datePublished\":\"2025-09-09T16:55:09+00:00\",\"dateModified\":\"2025-09-09T16:55:10+00:00\",\"author\":{\"@id\":\"https:\/\/fundaciondones.org\/inicio\/#\/schema\/person\/16b3618aec88eac6293a6d9a9510ca03\"},\"description\":\"EVENTO CON PROPOSITO SOCIAL - SI YO CAMBIO, TODO CAMBIA - LEGADO ARLENA HOYOS CA\u00d1AVERA.\",\"breadcrumb\":{\"@id\":\"https:\/\/fundaciondones.org\/inicio\/2025\/09\/09\/en-2025-celebramos-descaradamente-feli-2-0\/#breadcrumb\"},\"inLanguage\":\"es-CO\",\"potentialAction\":[{\"@type\":\"ReadAction\",\"target\":[\"https:\/\/fundaciondones.org\/inicio\/2025\/09\/09\/en-2025-celebramos-descaradamente-feli-2-0\/\"]}]},{\"@type\":\"ImageObject\",\"inLanguage\":\"es-CO\",\"@id\":\"https:\/\/fundaciondones.org\/inicio\/2025\/09\/09\/en-2025-celebramos-descaradamente-feli-2-0\/#primaryimage\",\"url\":\"https:\/\/fundaciondones.org\/wp-content\/uploads\/2025\/09\/NDS7757_edited-1024x683.jpg\",\"contentUrl\":\"https:\/\/fundaciondones.org\/wp-content\/uploads\/2025\/09\/NDS7757_edited-1024x683.jpg\"},{\"@type\":\"BreadcrumbList\",\"@id\":\"https:\/\/fundaciondones.org\/inicio\/2025\/09\/09\/en-2025-celebramos-descaradamente-feli-2-0\/#breadcrumb\",\"itemListElement\":[{\"@type\":\"ListItem\",\"position\":1,\"name\":\"Home\",\"item\":\"https:\/\/fundaciondones.org\/inicio\/\"},{\"@type\":\"ListItem\",\"position\":2,\"name\":\"Celebramos Descaradamente Feliz 2.0\"}]},{\"@type\":\"WebSite\",\"@id\":\"https:\/\/fundaciondones.org\/inicio\/#website\",\"url\":\"https:\/\/fundaciondones.org\/inicio\/\",\"name\":\"Dones de Misericordia\",\"description\":\"Si yo cambio, todo cambia\",\"potentialAction\":[{\"@type\":\"SearchAction\",\"target\":{\"@type\":\"EntryPoint\",\"urlTemplate\":\"https:\/\/fundaciondones.org\/inicio\/?s={search_term_string}\"},\"query-input\":{\"@type\":\"PropertyValueSpecification\",\"valueRequired\":true,\"valueName\":\"search_term_string\"}}],\"inLanguage\":\"es-CO\"},{\"@type\":\"Person\",\"@id\":\"https:\/\/fundaciondones.org\/inicio\/#\/schema\/person\/16b3618aec88eac6293a6d9a9510ca03\",\"name\":\"digitaldones@gmail.com\"}]}<\/script>\n<!-- \/ Yoast SEO plugin. -->","yoast_head_json":{"title":"Celebramos Descaradamente Feliz 2.0 - Dones de Misericordia","description":"EVENTO CON PROPOSITO SOCIAL - SI YO CAMBIO, TODO CAMBIA - LEGADO ARLENA HOYOS CA\u00d1AVERA.","robots":{"index":"index","follow":"follow","max-snippet":"max-snippet:-1","max-image-preview":"max-image-preview:large","max-video-preview":"max-video-preview:-1"},"canonical":"https:\/\/fundaciondones.org\/inicio\/2025\/09\/09\/en-2025-celebramos-descaradamente-feli-2-0\/","og_locale":"es_ES","og_type":"article","og_title":"Celebramos Descaradamente Feliz 2.0 - Dones de Misericordia","og_description":"EVENTO CON PROPOSITO SOCIAL - SI YO CAMBIO, TODO CAMBIA - LEGADO ARLENA HOYOS CA\u00d1AVERA.","og_url":"https:\/\/fundaciondones.org\/inicio\/2025\/09\/09\/en-2025-celebramos-descaradamente-feli-2-0\/","og_site_name":"Dones de Misericordia","article_published_time":"2025-09-09T16:55:09+00:00","article_modified_time":"2025-09-09T16:55:10+00:00","og_image":[{"width":2560,"height":1707,"url":"https:\/\/fundaciondones.org\/wp-content\/uploads\/2025\/09\/NDS7757_edited-scaled.jpg","type":"image\/jpeg"}],"author":"digitaldones@gmail.com","twitter_card":"summary_large_image","twitter_misc":{"Escrito por":"digitaldones@gmail.com","Tiempo de lectura":"1 minuto"},"schema":{"@context":"https:\/\/schema.org","@graph":[{"@type":"WebPage","@id":"https:\/\/fundaciondones.org\/inicio\/2025\/09\/09\/en-2025-celebramos-descaradamente-feli-2-0\/","url":"https:\/\/fundaciondones.org\/inicio\/2025\/09\/09\/en-2025-celebramos-descaradamente-feli-2-0\/","name":"Celebramos Descaradamente Feliz 2.0 - Dones de Misericordia","isPartOf":{"@id":"https:\/\/fundaciondones.org\/inicio\/#website"},"primaryImageOfPage":{"@id":"https:\/\/fundaciondones.org\/inicio\/2025\/09\/09\/en-2025-celebramos-descaradamente-feli-2-0\/#primaryimage"},"image":{"@id":"https:\/\/fundaciondones.org\/inicio\/2025\/09\/09\/en-2025-celebramos-descaradamente-feli-2-0\/#primaryimage"},"thumbnailUrl":"https:\/\/fundaciondones.org\/wp-content\/uploads\/2025\/09\/NDS7757_edited-1024x683.jpg","datePublished":"2025-09-09T16:55:09+00:00","dateModified":"2025-09-09T16:55:10+00:00","author":{"@id":"https:\/\/fundaciondones.org\/inicio\/#\/schema\/person\/16b3618aec88eac6293a6d9a9510ca03"},"description":"EVENTO CON PROPOSITO SOCIAL - SI YO CAMBIO, TODO CAMBIA - LEGADO ARLENA HOYOS CA\u00d1AVERA.","breadcrumb":{"@id":"https:\/\/fundaciondones.org\/inicio\/2025\/09\/09\/en-2025-celebramos-descaradamente-feli-2-0\/#breadcrumb"},"inLanguage":"es-CO","potentialAction":[{"@type":"ReadAction","target":["https:\/\/fundaciondones.org\/inicio\/2025\/09\/09\/en-2025-celebramos-descaradamente-feli-2-0\/"]}]},{"@type":"ImageObject","inLanguage":"es-CO","@id":"https:\/\/fundaciondones.org\/inicio\/2025\/09\/09\/en-2025-celebramos-descaradamente-feli-2-0\/#primaryimage","url":"https:\/\/fundaciondones.org\/wp-content\/uploads\/2025\/09\/NDS7757_edited-1024x683.jpg","contentUrl":"https:\/\/fundaciondones.org\/wp-content\/uploads\/2025\/09\/NDS7757_edited-1024x683.jpg"},{"@type":"BreadcrumbList","@id":"https:\/\/fundaciondones.org\/inicio\/2025\/09\/09\/en-2025-celebramos-descaradamente-feli-2-0\/#breadcrumb","itemListElement":[{"@type":"ListItem","position":1,"name":"Home","item":"https:\/\/fundaciondones.org\/inicio\/"},{"@type":"ListItem","position":2,"name":"Celebramos Descaradamente Feliz 2.0"}]},{"@type":"WebSite","@id":"https:\/\/fundaciondones.org\/inicio\/#website","url":"https:\/\/fundaciondones.org\/inicio\/","name":"Dones de Misericordia","description":"Si yo cambio, todo cambia","potentialAction":[{"@type":"SearchAction","target":{"@type":"EntryPoint","urlTemplate":"https:\/\/fundaciondones.org\/inicio\/?s={search_term_string}"},"query-input":{"@type":"PropertyValueSpecification","valueRequired":true,"valueName":"search_term_string"}}],"inLanguage":"es-CO"},{"@type":"Person","@id":"https:\/\/fundaciondones.org\/inicio\/#\/schema\/person\/16b3618aec88eac6293a6d9a9510ca03","name":"digitaldones@gmail.com"}]}},"_links":{"self":[{"href":"https:\/\/fundaciondones.org\/inicio\/wp-json\/wp\/v2\/posts\/6176","targetHints":{"allow":["GET"]}}],"collection":[{"href":"https:\/\/fundaciondones.org\/inicio\/wp-json\/wp\/v2\/posts"}],"about":[{"href":"https:\/\/fundaciondones.org\/inicio\/wp-json\/wp\/v2\/types\/post"}],"author":[{"embeddable":true,"href":"https:\/\/fundaciondones.org\/inicio\/wp-json\/wp\/v2\/users\/5"}],"replies":[{"embeddable":true,"href":"https:\/\/fundaciondones.org\/inicio\/wp-json\/wp\/v2\/comments?post=6176"}],"version-history":[{"count":1,"href":"https:\/\/fundaciondones.org\/inicio\/wp-json\/wp\/v2\/posts\/6176\/revisions"}],"predecessor-version":[{"id":6178,"href":"https:\/\/fundaciondones.org\/inicio\/wp-json\/wp\/v2\/posts\/6176\/revisions\/6178"}],"wp:attachment":[{"href":"https:\/\/fundaciondones.org\/inicio\/wp-json\/wp\/v2\/media?parent=6176"}],"wp:term":[{"taxonomy":"category","embeddable":true,"href":"https:\/\/fundaciondones.org\/inicio\/wp-json\/wp\/v2\/categories?post=6176"},{"taxonomy":"post_tag","embeddable":true,"href":"https:\/\/fundaciondones.org\/inicio\/wp-json\/wp\/v2\/tags?post=6176"}],"curies":[{"name":"wp","href":"https:\/\/api.w.org\/{rel}","templated":true}]}}